{"id":1,"date":"2024-08-21T10:53:15","date_gmt":"2024-08-21T10:53:15","guid":{"rendered":"https:\/\/voluntariado.omundosomosnos.org\/?p=1"},"modified":"2024-12-21T12:17:18","modified_gmt":"2024-12-21T12:17:18","slug":"jovens-voluntarias-europeias-omsn-vilaverde","status":"publish","type":"post","link":"https:\/\/voluntariado.omundosomosnos.org\/?p=1","title":{"rendered":"Jovens Volunt\u00e1rias Europeias no OMSN e Vila Verde"},"content":{"rendered":"\n<h2 class=\"wp-block-heading has-black-color has-text-color has-link-color has-xx-large-font-size wp-elements-4e41dcc9890d12122472bf81e3b24e0c\">Jovens Volunt\u00e1rias Europeias no OMSN e Vila Verde<\/h2>\n\n\n\n<p>O Mundo Somos N\u00f3s ganhou o selo de qualidade do Corpo Europeu de Solidariedade (CES) em 2023 assegurando que a associa\u00e7\u00e3o possui as condi\u00e7\u00f5es para receber e enviar volunt\u00e1rios de acordo com o programa Europeu.\u00a0<br><br>Em 2024 recebeu pela primeira vez tr\u00eas jovens volunt\u00e1rias do CES &#8211; Christina Anastosava (Kiki) da Bulg\u00e1ria, Luna Correro de Espanha e Diana Chiru da Rom\u00e9nia, que escolheram o OMSN e o munic\u00edpio de Vila Verde para desenvolver as atividades do seu projeto de voluntariado.<br>As tr\u00eas volunt\u00e1rias no OMSN t\u00eam participado na dinamiza\u00e7\u00e3o de atividades para crian\u00e7as, atividades comunit\u00e1rias, prepara\u00e7\u00e3o de refei\u00e7\u00f5es saud\u00e1veis, jardinagem, elabora\u00e7\u00e3o de conte\u00fados digitais e tantos outros.<\/p>\n\n\n\n<figure class=\"wp-block-image size-large\"><img loading=\"lazy\" decoding=\"async\" width=\"1024\" height=\"768\" src=\"https:\/\/voluntariado.omundosomosnos.org\/wp-content\/uploads\/2024\/08\/20240410_171306-1024x768.jpg\" alt=\"\" class=\"wp-image-204\" srcset=\"https:\/\/voluntariado.omundosomosnos.org\/wp-content\/uploads\/2024\/08\/20240410_171306-1024x768.jpg 1024w, https:\/\/voluntariado.omundosomosnos.org\/wp-content\/uploads\/2024\/08\/20240410_171306-300x225.jpg 300w, https:\/\/voluntariado.omundosomosnos.org\/wp-content\/uploads\/2024\/08\/20240410_171306-768x576.jpg 768w, https:\/\/voluntariado.omundosomosnos.org\/wp-content\/uploads\/2024\/08\/20240410_171306-1536x1152.jpg 1536w, https:\/\/voluntariado.omundosomosnos.org\/wp-content\/uploads\/2024\/08\/20240410_171306-2048x1536.jpg 2048w\" sizes=\"auto, (max-width: 1024px) 100vw, 1024px\" \/><\/figure>\n\n\n\n<p><\/p>\n\n\n\n<p>A chegada das volunt\u00e1rias a Vila Verde \u00e9 um marco para a comunidade, destacando a import\u00e2ncia da solidariedade e do envolvimento dos jovens na constru\u00e7\u00e3o de um futuro mais inclusivo e sustent\u00e1vel.<\/p>\n\n\n\n<p class=\"has-big-font-size\"><br>Esperamos que a sua presen\u00e7a inspire outros jovens de Vila Verde a participar no Corpo Europeu de Solidariedade e a contribuir para um mundo melhor, onde a solidariedade e a coopera\u00e7\u00e3o s\u00e3o fundamentais na sociedade do amanh\u00e3.<\/p>\n\n\n\n<p><br><br>Para a concretiza\u00e7\u00e3o deste projeto de voluntariado a associa\u00e7\u00e3o OMSN conta com os seus parceiros internacionais Mundus Group (Espanha), Green Association (Bulg\u00e1ria) e Tinerii 3D (Rom\u00e9nia) financiamento da Uni\u00e3o Europeia e o apoio da C\u00e2mara Municipal de Vila Verde e a Junta de Freguesia da Uni\u00e3o das Freguesias da Ribeira do Neiva. A Casa do Povo da Ribeira do Neiva atuou tamb\u00e9m como parceiro local num dos projetos individuais de voluntariado.<\/p>\n\n\n\n<figure class=\"wp-block-image size-large\"><img loading=\"lazy\" decoding=\"async\" width=\"1024\" height=\"576\" src=\"https:\/\/voluntariado.omundosomosnos.org\/wp-content\/uploads\/2024\/08\/todoslogos-1024x576.png\" alt=\"\" class=\"wp-image-732\" srcset=\"https:\/\/voluntariado.omundosomosnos.org\/wp-content\/uploads\/2024\/08\/todoslogos-1024x576.png 1024w, https:\/\/voluntariado.omundosomosnos.org\/wp-content\/uploads\/2024\/08\/todoslogos-300x169.png 300w, https:\/\/voluntariado.omundosomosnos.org\/wp-content\/uploads\/2024\/08\/todoslogos-768x432.png 768w, https:\/\/voluntariado.omundosomosnos.org\/wp-content\/uploads\/2024\/08\/todoslogos.png 1058w\" sizes=\"auto, (max-width: 1024px) 100vw, 1024px\" \/><\/figure>\n\n\n\n<p><\/p>\n","protected":false},"excerpt":{"rendered":"<p>Jovens Volunt\u00e1rias Europeias no OMSN e Vila Verde O Mundo Somos N\u00f3s ganhou o selo de qualidade do Corpo Europeu de Solidariedade (CES) em 2023 assegurando que a associa\u00e7\u00e3o possui as condi\u00e7\u00f5es para receber e enviar volunt\u00e1rios de acordo com o programa Europeu.\u00a0 Em 2024 recebeu pela primeira vez tr\u00eas jovens volunt\u00e1rias do CES &#8211;&#8230;<\/p>\n","protected":false},"author":1,"featured_media":713,"comment_status":"open","ping_status":"open","sticky":false,"template":"","format":"standard","meta":{"footnotes":""},"categories":[21,28],"tags":[15,17,20,16],"class_list":["post-1","post","type-post","status-publish","format-standard","has-post-thumbnail","hentry","category-corpo-europeu-de-solidariedade","category-voluntariado-internacional","tag-ces","tag-omsn","tag-vila-verde","tag-voluntariado"],"_links":{"self":[{"href":"https:\/\/voluntariado.omundosomosnos.org\/index.php?rest_route=\/wp\/v2\/posts\/1","targetHints":{"allow":["GET"]}}],"collection":[{"href":"https:\/\/voluntariado.omundosomosnos.org\/index.php?rest_route=\/wp\/v2\/posts"}],"about":[{"href":"https:\/\/voluntariado.omundosomosnos.org\/index.php?rest_route=\/wp\/v2\/types\/post"}],"author":[{"embeddable":true,"href":"https:\/\/voluntariado.omundosomosnos.org\/index.php?rest_route=\/wp\/v2\/users\/1"}],"replies":[{"embeddable":true,"href":"https:\/\/voluntariado.omundosomosnos.org\/index.php?rest_route=%2Fwp%2Fv2%2Fcomments&post=1"}],"version-history":[{"count":9,"href":"https:\/\/voluntariado.omundosomosnos.org\/index.php?rest_route=\/wp\/v2\/posts\/1\/revisions"}],"predecessor-version":[{"id":735,"href":"https:\/\/voluntariado.omundosomosnos.org\/index.php?rest_route=\/wp\/v2\/posts\/1\/revisions\/735"}],"wp:featuredmedia":[{"embeddable":true,"href":"https:\/\/voluntariado.omundosomosnos.org\/index.php?rest_route=\/wp\/v2\/media\/713"}],"wp:attachment":[{"href":"https:\/\/voluntariado.omundosomosnos.org\/index.php?rest_route=%2Fwp%2Fv2%2Fmedia&parent=1"}],"wp:term":[{"taxonomy":"category","embeddable":true,"href":"https:\/\/voluntariado.omundosomosnos.org\/index.php?rest_route=%2Fwp%2Fv2%2Fcategories&post=1"},{"taxonomy":"post_tag","embeddable":true,"href":"https:\/\/voluntariado.omundosomosnos.org\/index.php?rest_route=%2Fwp%2Fv2%2Ftags&post=1"}],"curies":[{"name":"wp","href":"https:\/\/api.w.org\/{rel}","templated":true}]}}