{"id":129,"date":"2024-08-27T12:20:41","date_gmt":"2024-08-27T12:20:41","guid":{"rendered":"https:\/\/voluntariado.omundosomosnos.org\/?p=129"},"modified":"2024-12-21T12:17:09","modified_gmt":"2024-12-21T12:17:09","slug":"exposicao-o-caminho-mistico-dos-peregrinos","status":"publish","type":"post","link":"https:\/\/voluntariado.omundosomosnos.org\/?p=129","title":{"rendered":"Exposi\u00e7\u00e3o \u201cO Caminho M\u00edstico dos Peregrinos\u201d"},"content":{"rendered":"\n<p><\/p>\n\n\n\n<p>Ol\u00e1, eu sou a Cristina ou Kiki &#8211; como a maioria das pessoas me conhece, e estou a fazer o meu voluntariado no \u00e2mbito do Corpo Europeu de Solidariedade (CES) na associa\u00e7\u00e3o O Mundo Somos N\u00f3s (OMSN), em Portugal, de 03 Mar\u00e7o 2024 a 16 Dezembro 2024.<\/p>\n\n\n\n<p><br>J\u00e1 passaram alguns dias desde 14 Junho 2024. Mas porque menciono esta data?<\/p>\n\n\n\n<p class=\"has-big-font-size\"><\/p>\n\n\n\n<div class=\"wp-block-media-text is-stacked-on-mobile\"><figure class=\"wp-block-media-text__media\"><img loading=\"lazy\" decoding=\"async\" width=\"1024\" height=\"762\" src=\"https:\/\/voluntariado.omundosomosnos.org\/wp-content\/uploads\/2024\/08\/Screenshot_20241203_154730_com.instagram.android_edit_69908248137861-1024x762.jpg\" alt=\"\" class=\"wp-image-360 size-full\" srcset=\"https:\/\/voluntariado.omundosomosnos.org\/wp-content\/uploads\/2024\/08\/Screenshot_20241203_154730_com.instagram.android_edit_69908248137861-1024x762.jpg 1024w, https:\/\/voluntariado.omundosomosnos.org\/wp-content\/uploads\/2024\/08\/Screenshot_20241203_154730_com.instagram.android_edit_69908248137861-300x223.jpg 300w, https:\/\/voluntariado.omundosomosnos.org\/wp-content\/uploads\/2024\/08\/Screenshot_20241203_154730_com.instagram.android_edit_69908248137861-768x571.jpg 768w, https:\/\/voluntariado.omundosomosnos.org\/wp-content\/uploads\/2024\/08\/Screenshot_20241203_154730_com.instagram.android_edit_69908248137861.jpg 1405w\" sizes=\"auto, (max-width: 1024px) 100vw, 1024px\" \/><\/figure><div class=\"wp-block-media-text__content\">\n<p class=\"has-medium-font-size\">Nesse dia aconteceu uma exposi\u00e7\u00e3o art\u00edstica, cujos principais \u2018atores\u2019 foram as crian\u00e7as da Escola do Mundo do OMSN, orientadas por mim, Kiki. <br>Ou por outras palavras, no dia 14 de Junho concretizei o meu projeto pessoal &#8211; uma oportunidade que o OMSN oferece aos volunt\u00e1rios do CES para desenvolverem as suas pr\u00f3prias ideias\/projetos e que tenha valor para o OMSN e para a comunidade local.<\/p>\n<\/div><\/div>\n\n\n\n<p><\/p>\n\n\n\n<div class=\"wp-block-media-text has-media-on-the-right is-stacked-on-mobile\"><div class=\"wp-block-media-text__content\">\n<p>Voc\u00eas perguntam: a exposi\u00e7\u00e3o foi divertida? <br>Claro que sim. O evento foi satisfat\u00f3rio? <br>Com certeza. <br>Foi cansativo? Sim, alguns dias depois do evento ainda\u00a0 estou em recupera\u00e7\u00e3o f\u00edsica e mental. <br>Mas todo esfor\u00e7o valeu a pena!<\/p>\n<\/div><figure class=\"wp-block-media-text__media\"><img loading=\"lazy\" decoding=\"async\" width=\"884\" height=\"678\" src=\"https:\/\/voluntariado.omundosomosnos.org\/wp-content\/uploads\/2024\/08\/Foto4.png\" alt=\"\" class=\"wp-image-118 size-full\" srcset=\"https:\/\/voluntariado.omundosomosnos.org\/wp-content\/uploads\/2024\/08\/Foto4.png 884w, https:\/\/voluntariado.omundosomosnos.org\/wp-content\/uploads\/2024\/08\/Foto4-300x230.png 300w, https:\/\/voluntariado.omundosomosnos.org\/wp-content\/uploads\/2024\/08\/Foto4-768x589.png 768w\" sizes=\"auto, (max-width: 884px) 100vw, 884px\" \/><\/figure><\/div>\n\n\n\n<p>O Caminho de Santiago \u00e9 uma rede de caminhos de peregrinos e peregrina\u00e7\u00f5es que conduzem ao santu\u00e1rio onde est\u00e3o enterrados&nbsp; os restos mortais do ap\u00f3stolo Tiago na catedral de Santiago de Compostela, na Galiza (Espanha).<br>Com as crian\u00e7as cri\u00e1mos m\u00e1scaras coloridas, que representam metaforicamente as almas coloridas dos peregrinos.<br><\/p>\n\n\n\n<p>Possivelmente est\u00e3o a perguntar-se: \u201cComo \u00e9 que eu tive esta ideia?\u201d<br>&#8211; Bom, eu vou contar-vos.<br>Para ser sincera, antes de vir para Portugal, eu n\u00e3o fazia ideia o que era o \u201cCaminho de Santiago\u201d. Mas tenho o privil\u00e9gio de estar alojada num albergue (Albergue de Peregrinos de Go\u00e3es), um alojamento pensado especificamente para quem embarca nesta aventura de percorrer o Caminho. E porque eu sou uma pessoa que adora estar rodeada de cores, quando cheguei ao albergue questionei-me&nbsp; porque o albergue \u00e9 t\u00e3o branco e simples? Porque \u00e9 que n\u00e3o fa\u00e7o aqui alguma coisa e torno-o mais colorido?! Para al\u00e9m disso, eu tamb\u00e9m gosto de trabalhar com crian\u00e7as, porque para mim s\u00e3o uma lufada de ar fresco, uma fonte de ideias e inspira\u00e7\u00e3o. E assim, reunindo algumas das minhas coisas favoritas, nasceu a ideia de realizar uma exposi\u00e7\u00e3o no albergue.<\/p>\n\n\n\n<p>A abertura oficial do evento come\u00e7ou com um flash mob dan\u00e7ado por mim e pelas crian\u00e7as, seguido das boas-vindas ao p\u00fablico.<\/p>\n\n\n\n<p>Al\u00e9m dos trabalhos art\u00edsticos, a audi\u00eancia teve a oportunidade de ver as apresenta\u00e7\u00f5es dos professores do secund\u00e1rio <strong>Carlos Manga<\/strong>s e <strong>Manuel Rodrigues<\/strong>, que fizeram 14 caminhos com jovens e <strong>Nanni Pinto<\/strong> (escritora , artista, acupunturista, professora de tai chi e muitas outras coisas) que realizou 4 caminhos. Foi muito inspirador conhecer as suas experi\u00eancias e aventuras pessoais.&nbsp;<\/p>\n\n\n\n<p>Os principais objetivos que estabeleci para a exposi\u00e7\u00e3o foram o de contribuir para a promo\u00e7\u00e3o do albergue, dar a conhecer mais sobre peregrinos e em geral divulgar mais informa\u00e7\u00e3o sobre o Caminho de Santiago. <br>No final do evento, depois de muito trabalho, noites agitadas e cansa\u00e7o acumulado, n\u00e3o consegui compreender o impato alcan\u00e7ado. <br>Julguei que os meus objetivos n\u00e3o tinham sido alcan\u00e7ados, at\u00e9 que a minha supervisora me disse que alguns pais, incluindo ela mesma, tinham ficado inspirados para fazer parte do Caminho. Eu fiquei agradavelmente surpreendida. <\/p>\n\n\n\n<p class=\"has-medium-font-size\">N\u00e3o fazia ideia que a exposi\u00e7\u00e3o tinha causado um impato t\u00e3o positivo nas pessoas que participaram no evento!<\/p>\n\n\n\n<figure class=\"wp-block-image aligncenter size-full is-resized\"><img loading=\"lazy\" decoding=\"async\" width=\"698\" height=\"611\" src=\"https:\/\/voluntariado.omundosomosnos.org\/wp-content\/uploads\/2024\/08\/Foto2.png\" alt=\"\" class=\"wp-image-116\" style=\"width:646px;height:auto\" srcset=\"https:\/\/voluntariado.omundosomosnos.org\/wp-content\/uploads\/2024\/08\/Foto2.png 698w, https:\/\/voluntariado.omundosomosnos.org\/wp-content\/uploads\/2024\/08\/Foto2-300x263.png 300w\" sizes=\"auto, (max-width: 698px) 100vw, 698px\" \/><\/figure>\n\n\n\n<p>Na verdade, a minha ideia original era deixar algo permanente no albergue que trouxesse alegria aos olhos de quem por ali passasse. N\u00e3o correu como planeei, porque pendurar permanentemente as m\u00e1scaras no albergue acabou por ser mais dif\u00edcil do que eu esperava. Mas agora estou consciente da dire\u00e7\u00e3o que quero seguir com o meu pr\u00f3ximo&nbsp; projeto.<\/p>\n\n\n\n<p class=\"has-normal-font-size\">Tive muitos percal\u00e7os no caminho e nem sempre consegui o que queria \u2013 por vezes corria melhor do que o esperado, outras vezes nem por isso.<br>No in\u00edcio do projeto procurava perfei\u00e7\u00e3o, mas a meio do caminho desisti desse conceito.<br>\u00c9 uma coincid\u00eancia interessante que um dos princ\u00edpios que se aprende durante o Caminho \u00e9 \u201co deixar ir\u201d. Foi o que aprendi ao dedicar o meu tempo ao Caminho, embora ainda n\u00e3o o tenha percorrido.<\/p>\n\n\n\n<p>Fico extremamente feliz ao ver que criei uma nova perce\u00e7\u00e3o nas crian\u00e7as. Agora, quando as crian\u00e7as v\u00eam a concha, s\u00edmbolo e marca de Santiago, automaticamente associam-na a tudo o que aprenderam ao longo da exposi\u00e7\u00e3o. Isso \u00e9 resultado do trabalho inicial de familiariza\u00e7\u00e3o profunda com o tema dos Peregrinos que realizei no in\u00edcio do projeto. E tudo isto foi comunicado em Portugu\u00eas.<\/p>\n\n\n\n<p class=\"has-medium-font-size\">Posso partilhar convosco que gra\u00e7as a esta experi\u00eancia aprendi muitas palavras novas e ganhei mais confian\u00e7a para falar em portugu\u00eas. Por vezes quando eu estava com as crian\u00e7as e n\u00e3o havia ningu\u00e9m por perto para me ajudar com o portugu\u00eas, n\u00e3o tive outra op\u00e7\u00e3o a n\u00e3o ser comunicar da forma que sabia. Nesses momentos, fiquei surpreendida por saber muito mais palavras do que pensava.<\/p>\n\n\n\n<p>\u00c0s vezes pensamos que precisamos de muito tempo para atingir os nossos objetivos e por mais tempo que tenhamos, este nunca \u00e9 suficiente. <br>Mas com esta experi\u00eancia aprendi que mesmo com pouco tempo podemos alcan\u00e7ar grandes objetivos. <br>Na verdade, todo o trabalho que fizemos durante um m\u00eas foi no tempo \u201clivre\u201d das crian\u00e7as. Nunca tivemos um hor\u00e1rio exclusivamente \u201cnosso\u201d e muitas vezes utilizamos um hor\u00e1rio \u201cemprestado\u201d para realizar as m\u00e1scaras e o \u201cflash mob\u201d. <br>No entanto, conseguimos realiz\u00e1-las com o tempo que nos foi cedido, e foi maravilhoso!<\/p>\n\n\n\n<figure class=\"wp-block-image aligncenter size-full is-resized\"><img loading=\"lazy\" decoding=\"async\" width=\"761\" height=\"779\" src=\"https:\/\/voluntariado.omundosomosnos.org\/wp-content\/uploads\/2024\/08\/Foto3.png\" alt=\"\" class=\"wp-image-117\" style=\"width:619px;height:auto\" srcset=\"https:\/\/voluntariado.omundosomosnos.org\/wp-content\/uploads\/2024\/08\/Foto3.png 761w, https:\/\/voluntariado.omundosomosnos.org\/wp-content\/uploads\/2024\/08\/Foto3-293x300.png 293w\" sizes=\"auto, (max-width: 761px) 100vw, 761px\" \/><\/figure>\n\n\n\n<p>Uma das minhas ideias foi surpreender o p\u00fablico com um \u201cflash mob\u201d. At\u00e9 chegarmos ao resultado final do \u201cflash mob\u201d atravessamos v\u00e1rios desafios.<br>A primeira vez que tivemos oportunidade de treinar a dan\u00e7a foi num dia extremamente quente. Penso que foi o dia mais quente desde que cheguei a Portugal. Era sexta-feira, final de semana e final de dia, as crian\u00e7as estavam mais do que cansadas. Al\u00e9m disso, com o calor, derretiam como um gelado. Elas realmente n\u00e3o me queriam ouvir, estavam muito distra\u00eddas. Fiquei sozinha com elas, n\u00e3o havia ningu\u00e9m para me ajudar na tradu\u00e7\u00e3o e eu senti-me impotente. Foi um momento extremamente cr\u00edtico, mas de alguma forma reuni for\u00e7as e com as poucas palavras que sabia em portugu\u00eas fiz um pequeno discurso inspirador que as mobilizou para a dan\u00e7a. Elas superaram as sensa\u00e7\u00f5es desagrad\u00e1veis que estavam a sentir naquele momento e aprenderam o que eu tinha preparado para o flash mob. Nessa altura senti-me uma vencedora.<\/p>\n\n\n\n<p>Depois desse dia, tive a oportunidade de trabalhar o flash mob com as crian\u00e7as apenas cerca de 20 minutos. <br>As crian\u00e7as s\u00f3 sabiam cerca 1\/5 de toda a dan\u00e7a que eu inventei, mas a parte que sabiam parecia estar completa. Tive medo que fosse um desastre, mas as crian\u00e7as surpreenderam-me, e como costumam dizer: \u201celas sabiam o que deviam fazer\u201d! <br><br>Foi um momento de muita felicidade em especial devido a todos os desafios que ultrapassamos&nbsp; e por ter sido uma surpresa muito agrad\u00e1vel para o p\u00fablico.<\/p>\n\n\n\n<p class=\"has-medium-font-size\">Este evento foi o primeiro do g\u00e9nero e espero que seja o in\u00edcio de muitos outros! <br>Foi o meu primeiro projeto, como primeira volunt\u00e1ria do CES no OMSN. <br>Foi a primeira exposi\u00e7\u00e3o das crian\u00e7as e a primeira apari\u00e7\u00e3o art\u00edstica fora da escola. <br>Foi tamb\u00e9m a minha primeira exposi\u00e7\u00e3o e o primeiro evento que organizei na minha vida.<\/p>\n\n\n\n<p>Claro que ser pioneira revela imperfei\u00e7\u00f5es, mas tamb\u00e9m permite usufruir de muitas experi\u00eancias de aprendizagem. <br>Satisfeita com o que alcan\u00e7amos, olho com alegria para o pr\u00f3ximo pico a conquistar. <\/p>\n\n\n\n<p class=\"has-big-font-size\">N\u00e3o completei fisicamente o \u201cCaminho de Santiago\u201d, mas mentalmente fiz um longo \u201ccaminho\u201d e quero agradecer a todos que me deram uma m\u00e3o para fazer esta travessia e alcan\u00e7ar este bom resultado!<br><br><em><strong>Reviews<\/strong><\/em><\/p>\n\n\n\n<blockquote class=\"wp-block-quote has-medium-font-size is-layout-flow wp-block-quote-is-layout-flow\">\n<p><em>\u201cfoi de facto um momento muito bonito, que deixou a sementinha de querer fazer o caminho \ud83d\ude0a As crian\u00e7as tamb\u00e9m gostaram e colaboraram muito (\u2026) o balan\u00e7o final \u00e9 muito positivo&nbsp; \u2026\u201d <\/em><\/p>\n\n\n\n<p><em>&#8211; Eliana, Educadora OMSN<\/em><\/p>\n<\/blockquote>\n\n\n\n<blockquote class=\"wp-block-quote has-medium-font-size is-layout-flow wp-block-quote-is-layout-flow\">\n<p><em>\u201cia sem expectativas e adorei a forma como tudo estava apresentado e a energia calma e flu\u00edda de todo o evento. A Kiki esteve bem e segura, acho que houve altera\u00e7\u00f5es de \u00faltima hora, mas pronto, s\u00e3o sempre improvisos de \u00faltima hora. Tamb\u00e9m fiquei admirada com a calma, aten\u00e7\u00e3o e participa\u00e7\u00e3o das crian\u00e7as.\u201d <\/em><\/p>\n\n\n\n<p><em>&#8211; Ivone Apolin\u00e1rio, coordenadora OMSN<\/em><\/p>\n<\/blockquote>\n\n\n\n<p><\/p>\n\n\n\n<div class=\"wp-block-media-text is-stacked-on-mobile\"><figure class=\"wp-block-media-text__media\"><\/figure><div class=\"wp-block-media-text__content\">\n<p><\/p>\n<\/div><\/div>\n","protected":false},"excerpt":{"rendered":"<p>Ol\u00e1, eu sou a Cristina ou Kiki &#8211; como a maioria das pessoas me conhece, e estou a fazer o meu voluntariado no \u00e2mbito do Corpo Europeu de Solidariedade (CES) na associa\u00e7\u00e3o O Mundo Somos N\u00f3s (OMSN), em Portugal, de 03 Mar\u00e7o 2024 a 16 Dezembro 2024. J\u00e1 passaram alguns dias desde 14 Junho 2024&#8230;.<\/p>\n","protected":false},"author":1,"featured_media":405,"comment_status":"open","ping_status":"open","sticky":false,"template":"","format":"standard","meta":{"footnotes":""},"categories":[21,25,23,28],"tags":[19,15,18,17,16],"class_list":["post-129","post","type-post","status-publish","format-standard","has-post-thumbnail","hentry","category-corpo-europeu-de-solidariedade","category-exposicao","category-projeto-pessoal","category-voluntariado-internacional","tag-caminho-de-santiago","tag-ces","tag-exposicao","tag-omsn","tag-voluntariado"],"_links":{"self":[{"href":"https:\/\/voluntariado.omundosomosnos.org\/index.php?rest_route=\/wp\/v2\/posts\/129","targetHints":{"allow":["GET"]}}],"collection":[{"href":"https:\/\/voluntariado.omundosomosnos.org\/index.php?rest_route=\/wp\/v2\/posts"}],"about":[{"href":"https:\/\/voluntariado.omundosomosnos.org\/index.php?rest_route=\/wp\/v2\/types\/post"}],"author":[{"embeddable":true,"href":"https:\/\/voluntariado.omundosomosnos.org\/index.php?rest_route=\/wp\/v2\/users\/1"}],"replies":[{"embeddable":true,"href":"https:\/\/voluntariado.omundosomosnos.org\/index.php?rest_route=%2Fwp%2Fv2%2Fcomments&post=129"}],"version-history":[{"count":11,"href":"https:\/\/voluntariado.omundosomosnos.org\/index.php?rest_route=\/wp\/v2\/posts\/129\/revisions"}],"predecessor-version":[{"id":725,"href":"https:\/\/voluntariado.omundosomosnos.org\/index.php?rest_route=\/wp\/v2\/posts\/129\/revisions\/725"}],"wp:featuredmedia":[{"embeddable":true,"href":"https:\/\/voluntariado.omundosomosnos.org\/index.php?rest_route=\/wp\/v2\/media\/405"}],"wp:attachment":[{"href":"https:\/\/voluntariado.omundosomosnos.org\/index.php?rest_route=%2Fwp%2Fv2%2Fmedia&parent=129"}],"wp:term":[{"taxonomy":"category","embeddable":true,"href":"https:\/\/voluntariado.omundosomosnos.org\/index.php?rest_route=%2Fwp%2Fv2%2Fcategories&post=129"},{"taxonomy":"post_tag","embeddable":true,"href":"https:\/\/voluntariado.omundosomosnos.org\/index.php?rest_route=%2Fwp%2Fv2%2Ftags&post=129"}],"curies":[{"name":"wp","href":"https:\/\/api.w.org\/{rel}","templated":true}]}}