{"id":665,"date":"2024-12-18T15:08:07","date_gmt":"2024-12-18T15:08:07","guid":{"rendered":"https:\/\/voluntariado.omundosomosnos.org\/?p=665"},"modified":"2024-12-21T12:16:24","modified_gmt":"2024-12-21T12:16:24","slug":"o-despertar-da-criatividade-uma-viagem-artistica-atraves-de-fernando-pessoa","status":"publish","type":"post","link":"https:\/\/voluntariado.omundosomosnos.org\/?p=665","title":{"rendered":"O Despertar da Criatividade: Uma Viagem Art\u00edstica atrav\u00e9s de Fernando Pessoa."},"content":{"rendered":"\n<h1 class=\"wp-block-heading has-black-color has-text-color has-link-color has-xx-large-font-size wp-elements-926df67891aaa382ba82c55c47510f35\">O Despertar da Criatividade: Uma Viagem Art\u00edstica atrav\u00e9s de Fernando Pessoa<\/h1>\n\n\n\n<p>Nos \u00faltimos dias do meu voluntariado, tive a oportunidade de realizar um projeto pessoal que intitulei <em>&#8220;O Despertar da Criatividade&#8221;<\/em>. Inspirada pela riqueza po\u00e9tica de Fernando Pessoa, desenhei uma s\u00e9rie de atividades criativas para um grupo de sete crian\u00e7as, com idades compreendidas entre os 9 e 12 anos. O objetivo principal era despertar a sua imagina\u00e7\u00e3o e permitir-lhes explorar novas formas de express\u00e3o art\u00edstica a partir de um poema do c\u00e9lebre poeta portugu\u00eas. Fernando Pessoa<\/p>\n\n\n\n<p class=\"has-black-color has-text-color has-link-color has-big-font-size wp-elements-17cdb1f9ac07bd3ad13ecf2f571a63bf\"><br>De uma ideia digital a uma experi\u00eancia humana<\/p>\n\n\n\n<p class=\"has-foreground-color has-text-color has-link-color wp-elements-fba75bb98e76ba7a6c78a19c3344bf36\"><br>Inicialmente, o meu projeto pessoal consistia na cria\u00e7\u00e3o de um site para um novo projeto associado ao <em>O Mundo Somos N\u00f3s<\/em>, intitulado <em>Youth in the World<\/em>. Esta plataforma tinha como objetivo fornecer mais informa\u00e7\u00f5es sobre o voluntariado e o programa Erasmus no <em>O Mundo Somos N\u00f3s<\/em> e atrair mais pessoas interessadas em participar nas diferentes iniciativas. A ideia entusiasmava-me, pois permitia-me aplicar os meus conhecimentos e deixar uma contribui\u00e7\u00e3o tang\u00edvel no meu voluntariado.<br><br>No entanto, \u00e0 medida que fui desenvolvendo o site, percebi que algo me faltava: a liga\u00e7\u00e3o direta com as crian\u00e7as da escola. Sentia que o projeto digital, embora significativo, n\u00e3o me permitia partilhar algo mais pessoal com as crian\u00e7as. <br><\/p>\n\n\n\n<div class=\"wp-block-media-text is-stacked-on-mobile\"><figure class=\"wp-block-media-text__media\"><img loading=\"lazy\" decoding=\"async\" width=\"445\" height=\"445\" src=\"https:\/\/voluntariado.omundosomosnos.org\/wp-content\/uploads\/2024\/12\/foto1-1.jpg\" alt=\"\" class=\"wp-image-685 size-full\" srcset=\"https:\/\/voluntariado.omundosomosnos.org\/wp-content\/uploads\/2024\/12\/foto1-1.jpg 445w, https:\/\/voluntariado.omundosomosnos.org\/wp-content\/uploads\/2024\/12\/foto1-1-300x300.jpg 300w, https:\/\/voluntariado.omundosomosnos.org\/wp-content\/uploads\/2024\/12\/foto1-1-150x150.jpg 150w\" sizes=\"auto, (max-width: 445px) 100vw, 445px\" \/><\/figure><div class=\"wp-block-media-text__content\">\n<p class=\"has-big-font-size\">Durante os nove meses do meu voluntariado, aprendi muito com as crian\u00e7as: a sua criatividade, espontaneidade e capacidade de imaginar sem limites inspiraram-me profundamente.<br><\/p>\n\n\n\n<p>Por isso, decidi que queria retribuir-lhes de uma forma mais pr\u00f3xima.<\/p>\n<\/div><\/div>\n\n\n\n<p class=\"has-big-font-size\">Assim nasceu <em>&#8220;O Despertar da Criatividade&#8221;<\/em>. <\/p>\n\n\n\n<p><br>Este novo projeto n\u00e3o s\u00f3 me permitiu trabalhar diretamente com um grupo de crian\u00e7as mais velho, como tamb\u00e9m criar um espa\u00e7o onde a sua imagina\u00e7\u00e3o pudesse florescer. Foi uma forma de me reconectar com a minha pr\u00f3pria inf\u00e2ncia e oferecer-lhes algo que, em crian\u00e7a, eu teria valorizado imensamente.<\/p>\n\n\n\n<p><br><\/p>\n\n\n\n<p class=\"has-black-color has-text-color has-link-color has-big-font-size wp-elements-04ceff15f049de826b5c7aa947beb5c3\">O ponto de partida: desenhos a partir de um poema<\/p>\n\n\n\n<p><\/p>\n\n\n\n<p>No in\u00edcio, a minha ideia n\u00e3o era basear o workshop num poema. No entanto, ap\u00f3s uma conversa com um dos professores das crian\u00e7as, surgiu a possibilidade de incorporar um elemento liter\u00e1rio que ligasse o emocional ao art\u00edstico. Assim, escolhemos um poema de Fernando Pessoa como o eixo central da atividade.<br>Embora a complexidade do poema pudesse ser desafiante at\u00e9 para adultos, descobri que as crian\u00e7as conseguiam oferecer uma perce\u00e7\u00e3o \u00fanica. <br>As suas interpreta\u00e7\u00f5es iniciais foram variadas, desde respostas simples como &#8220;Est\u00e1 triste&#8221; ou &#8220;N\u00e3o sei do que fala&#8221;, at\u00e9 reflex\u00f5es mais inesperadas. <\/p>\n\n\n\n<p><\/p>\n\n\n\n<div class=\"wp-block-media-text has-media-on-the-right is-stacked-on-mobile\"><div class=\"wp-block-media-text__content\">\n<p class=\"has-big-font-size\">Uma menina, por exemplo, comentou: <em>&#8220;O autor est\u00e1 desapontado connosco, est\u00e1 triste pelo que o ser humano est\u00e1 a fazer com a Terra. Estamos a destru\u00ed-la.&#8221;<\/em> Essa resposta emocionou-me profundamente e reafirmou a import\u00e2ncia de incluir a poesia na atividade.<\/p>\n<\/div><figure class=\"wp-block-media-text__media\"><img loading=\"lazy\" decoding=\"async\" width=\"1024\" height=\"1024\" src=\"https:\/\/voluntariado.omundosomosnos.org\/wp-content\/uploads\/2024\/12\/foto4-1024x1024.jpg\" alt=\"\" class=\"wp-image-690 size-full\" srcset=\"https:\/\/voluntariado.omundosomosnos.org\/wp-content\/uploads\/2024\/12\/foto4-1024x1024.jpg 1024w, https:\/\/voluntariado.omundosomosnos.org\/wp-content\/uploads\/2024\/12\/foto4-300x300.jpg 300w, https:\/\/voluntariado.omundosomosnos.org\/wp-content\/uploads\/2024\/12\/foto4-150x150.jpg 150w, https:\/\/voluntariado.omundosomosnos.org\/wp-content\/uploads\/2024\/12\/foto4-768x768.jpg 768w, https:\/\/voluntariado.omundosomosnos.org\/wp-content\/uploads\/2024\/12\/foto4.jpg 1198w\" sizes=\"auto, (max-width: 1024px) 100vw, 1024px\" \/><\/figure><\/div>\n\n\n\n<p>O poema n\u00e3o foi apenas uma fonte de inspira\u00e7\u00e3o, mas tamb\u00e9m introduziu as crian\u00e7as ao mundo da poesia, ajudando-as a descobrir as mensagens e emo\u00e7\u00f5es que o autor queria transmitir.<br><\/p>\n\n\n\n<p class=\"has-black-color has-text-color has-link-color has-big-font-size wp-elements-5dfadfbedf856c64b14b9984577a4367\"><br>Processo da atividade<br><\/p>\n\n\n\n<p>Antes de come\u00e7ar, apresentei-lhes uma regra fundamental: <strong>n\u00e3o podiam usar borracha<\/strong>. Queria que aprendessem a aceitar os erros como oportunidades para transformar e enriquecer as suas cria\u00e7\u00f5es. Embora, no in\u00edcio, esta ideia n\u00e3o lhes agradasse, rapidamente perceberam o seu prop\u00f3sito.<\/p>\n\n\n\n<p>A atividade foi desenvolvida em v\u00e1rias etapas:<\/p>\n\n\n\n<p><strong>Exerc\u00edcios de <\/strong><strong>liberta\u00e7\u00e3o<\/strong><strong> e mobiliza\u00e7\u00e3o:<\/strong><br>Come\u00e7\u00e1mos com exerc\u00edcios para relaxar as m\u00e3os e soltar os tra\u00e7os ao desenhar. Este passo inicial ajudou a reduzir a tens\u00e3o e deu-lhes confian\u00e7a para experimentar sem medo de errar.<\/p>\n\n\n\n<p><strong>Desenhos abstratos com vida:<\/strong><br>As crian\u00e7as escolheram figuras abstratas e, atrav\u00e9s da sua imagina\u00e7\u00e3o, transformaram-nas em desenhos cheios de significado.<\/p>\n\n\n\n<p><strong>Sombras que se transformam em monstros:<\/strong><br>Utilizando as sombras projetadas por objetos que elas pr\u00f3prias selecionaram, deram vida a criaturas imagin\u00e1rias. Esta atividade permitiu-lhes reinterpretar o quotidiano de uma forma criativa.<\/p>\n\n\n\n<p><strong>Novas fun\u00e7\u00f5es para objetos antigos:<\/strong><br>Cada crian\u00e7a desenhou um objeto, atribuindo-lhe um prop\u00f3sito completamente diferente do original. Embora este exerc\u00edcio fosse um desafio no in\u00edcio, todas conseguiram complet\u00e1-lo com sucesso, demonstrando a sua capacidade de pensar fora da caixa.<\/p>\n\n\n\n<p><strong>Emo\u00e7\u00f5es desenhadas de olhos fechados:<\/strong><br>Representaram emo\u00e7\u00f5es inspiradas no poema com os olhos fechados, sem recorrer a rostos ou express\u00f5es faciais. Este desafio incentivou um enfoque mais abstrato e intuitivo da cria\u00e7\u00e3o art\u00edstica.<\/p>\n\n\n\n<p><strong>Cartazes de filme baseados no poema:<\/strong><br>Por fim, dividi o grupo em duas equipas para criar um cartaz de filme inspirado no poema, integrando todas as t\u00e9cnicas e aprendizagens anteriores. Trabalharam com colegas com quem normalmente n\u00e3o interagiam, promovendo o trabalho em equipa.<\/p>\n\n\n\n<p><\/p>\n\n\n\n<p class=\"has-black-color has-text-color has-link-color has-big-font-size wp-elements-813a85b70c12761258e26604b9e93c47\">O impacto da atividade<\/p>\n\n\n\n<ol class=\"wp-block-list\"><\/ol>\n\n\n\n<p>A mudan\u00e7a nas crian\u00e7as ao longo das duas horas do workshop foi not\u00e1vel. No in\u00edcio, muitas mostravam inseguran\u00e7a e uma rigidez marcada nos tra\u00e7os, mas, pouco a pouco, foram-se soltando. A aus\u00eancia da borracha ajudou-as a concentrar-se no processo criativo em vez de procurar a perfei\u00e7\u00e3o t\u00e9cnica. No final, arriscavam-se mais, permitiam que as suas ideias flu\u00edssem livremente e desfrutavam de cada momento.<br><br>A minha reflex\u00e3o<\/p>\n\n\n\n<p class=\"has-big-font-size\"><\/p>\n\n\n\n<div class=\"wp-block-media-text is-stacked-on-mobile\"><figure class=\"wp-block-media-text__media\"><img loading=\"lazy\" decoding=\"async\" width=\"1024\" height=\"1024\" src=\"https:\/\/voluntariado.omundosomosnos.org\/wp-content\/uploads\/2024\/12\/foto5-1024x1024.jpg\" alt=\"\" class=\"wp-image-691 size-full\" srcset=\"https:\/\/voluntariado.omundosomosnos.org\/wp-content\/uploads\/2024\/12\/foto5-1024x1024.jpg 1024w, https:\/\/voluntariado.omundosomosnos.org\/wp-content\/uploads\/2024\/12\/foto5-300x300.jpg 300w, https:\/\/voluntariado.omundosomosnos.org\/wp-content\/uploads\/2024\/12\/foto5-150x150.jpg 150w, https:\/\/voluntariado.omundosomosnos.org\/wp-content\/uploads\/2024\/12\/foto5-768x768.jpg 768w, https:\/\/voluntariado.omundosomosnos.org\/wp-content\/uploads\/2024\/12\/foto5.jpg 1198w\" sizes=\"auto, (max-width: 1024px) 100vw, 1024px\" \/><\/figure><div class=\"wp-block-media-text__content\">\n<p class=\"has-big-font-size\"><em>O Despertar da Criatividade<\/em> foi uma experi\u00eancia transformadora tanto para as crian\u00e7as como para mim. Enquanto elas descobriam novas formas de express\u00e3o, eu redescobri a import\u00e2ncia de despertar a nossa criatividade. <\/p>\n<\/div><\/div>\n\n\n\n<p>Algo que me chamou particularmente a aten\u00e7\u00e3o foi como as crian\u00e7as mais novas, de 9 anos, pareciam ter uma criatividade mais desperta do que as de 12 anos. <br>Isto fez-me refletir sobre como, pouco a pouco, vamos perdendo a capacidade de imaginar coisas diferentes \u2013 aquilo que n\u00e3o existe, mas que na nossa mente poderia existir. Por que ser\u00e1 que isto acontece? <br>Tenho uma opini\u00e3o clara sobre este tema, mas prefiro deixar a quest\u00e3o em aberto para reflex\u00e3o do leitor.<br>Finalmente, este projeto n\u00e3o s\u00f3 me permitiu reconectar com a minha crian\u00e7a interior, como tamb\u00e9m oferecer \u00e0s crian\u00e7as um espa\u00e7o onde pudessem ser livres para criar e explorar. <\/p>\n\n\n\n<p><\/p>\n\n\n\n<p class=\"has-big-font-size\">Espero ter semeado nelas o desejo de continuar a imaginar, a descobrir e a desfrutar da beleza da criatividade e da express\u00e3o art\u00edstica.<\/p>\n\n\n\n<p><br>Luna Correro, Dezembro 2024<\/p>\n\n\n\n<p><\/p>\n","protected":false},"excerpt":{"rendered":"<p>O Despertar da Criatividade: Uma Viagem Art\u00edstica atrav\u00e9s de Fernando Pessoa Nos \u00faltimos dias do meu voluntariado, tive a oportunidade de realizar um projeto pessoal que intitulei &#8220;O Despertar da Criatividade&#8221;. Inspirada pela riqueza po\u00e9tica de Fernando Pessoa, desenhei uma s\u00e9rie de atividades criativas para um grupo de sete crian\u00e7as, com idades compreendidas entre os&#8230;<\/p>\n","protected":false},"author":1,"featured_media":691,"comment_status":"open","ping_status":"open","sticky":false,"template":"","format":"standard","meta":{"footnotes":""},"categories":[21,23,28],"tags":[],"class_list":["post-665","post","type-post","status-publish","format-standard","has-post-thumbnail","hentry","category-corpo-europeu-de-solidariedade","category-projeto-pessoal","category-voluntariado-internacional"],"_links":{"self":[{"href":"https:\/\/voluntariado.omundosomosnos.org\/index.php?rest_route=\/wp\/v2\/posts\/665","targetHints":{"allow":["GET"]}}],"collection":[{"href":"https:\/\/voluntariado.omundosomosnos.org\/index.php?rest_route=\/wp\/v2\/posts"}],"about":[{"href":"https:\/\/voluntariado.omundosomosnos.org\/index.php?rest_route=\/wp\/v2\/types\/post"}],"author":[{"embeddable":true,"href":"https:\/\/voluntariado.omundosomosnos.org\/index.php?rest_route=\/wp\/v2\/users\/1"}],"replies":[{"embeddable":true,"href":"https:\/\/voluntariado.omundosomosnos.org\/index.php?rest_route=%2Fwp%2Fv2%2Fcomments&post=665"}],"version-history":[{"count":19,"href":"https:\/\/voluntariado.omundosomosnos.org\/index.php?rest_route=\/wp\/v2\/posts\/665\/revisions"}],"predecessor-version":[{"id":698,"href":"https:\/\/voluntariado.omundosomosnos.org\/index.php?rest_route=\/wp\/v2\/posts\/665\/revisions\/698"}],"wp:featuredmedia":[{"embeddable":true,"href":"https:\/\/voluntariado.omundosomosnos.org\/index.php?rest_route=\/wp\/v2\/media\/691"}],"wp:attachment":[{"href":"https:\/\/voluntariado.omundosomosnos.org\/index.php?rest_route=%2Fwp%2Fv2%2Fmedia&parent=665"}],"wp:term":[{"taxonomy":"category","embeddable":true,"href":"https:\/\/voluntariado.omundosomosnos.org\/index.php?rest_route=%2Fwp%2Fv2%2Fcategories&post=665"},{"taxonomy":"post_tag","embeddable":true,"href":"https:\/\/voluntariado.omundosomosnos.org\/index.php?rest_route=%2Fwp%2Fv2%2Ftags&post=665"}],"curies":[{"name":"wp","href":"https:\/\/api.w.org\/{rel}","templated":true}]}}