{"id":668,"date":"2024-12-20T18:43:41","date_gmt":"2024-12-20T18:43:41","guid":{"rendered":"https:\/\/voluntariado.omundosomosnos.org\/?p=668"},"modified":"2024-12-21T12:16:34","modified_gmt":"2024-12-21T12:16:34","slug":"111","status":"publish","type":"post","link":"https:\/\/voluntariado.omundosomosnos.org\/?p=668","title":{"rendered":"Exposi\u00e7\u00e3o Almas Intemporais"},"content":{"rendered":"\n<p><\/p>\n\n\n\n<h2 class=\"wp-block-heading has-black-color has-text-color has-link-color has-xx-large-font-size wp-elements-6793b7bb18f4d87b21c90c515400efb3\">Exposi\u00e7\u00e3o Almas Intemporais<\/h2>\n\n\n\n<p>O meu projeto pessoal consistiu numa exposi\u00e7\u00e3o de fotos macro de olhos de crian\u00e7as do &#8220;O Mundo Somos N\u00f3s&#8221; e de idosos da Casa do Povo de Ribeira de Neiva. <br>O objetivo era salientar que, ao olharmos apenas para os olhos, conseguimos realmente ver a alma das pessoas. N\u00e3o a idade, n\u00e3o o corpo f\u00edsico, mas a verdadeira ess\u00eancia humana. Quando observamos com aten\u00e7\u00e3o, torna-se dif\u00edcil distinguir olhos ou identificar a quem pertence cada olho.<\/p>\n\n\n\n<div class=\"wp-block-media-text is-stacked-on-mobile\"><figure class=\"wp-block-media-text__media\"><img loading=\"lazy\" decoding=\"async\" width=\"724\" height=\"1024\" src=\"https:\/\/voluntariado.omundosomosnos.org\/wp-content\/uploads\/2024\/12\/posterAlLAMASINTEMPORAIS-724x1024.jpg\" alt=\"\" class=\"wp-image-706 size-full\" srcset=\"https:\/\/voluntariado.omundosomosnos.org\/wp-content\/uploads\/2024\/12\/posterAlLAMASINTEMPORAIS-724x1024.jpg 724w, https:\/\/voluntariado.omundosomosnos.org\/wp-content\/uploads\/2024\/12\/posterAlLAMASINTEMPORAIS-212x300.jpg 212w, https:\/\/voluntariado.omundosomosnos.org\/wp-content\/uploads\/2024\/12\/posterAlLAMASINTEMPORAIS.jpg 744w\" sizes=\"auto, (max-width: 724px) 100vw, 724px\" \/><\/figure><div class=\"wp-block-media-text__content\">\n<p class=\"has-big-font-size\"><em>\u201cAlmas Intemporais\u201d \u00e9 um projeto que visa captar essas almas nos extremos do espectro humano: crian\u00e7as pequenas e idosos, para demonstrar que, ao olharmos apenas para os olhos, n\u00e3o conseguimos distinguir as idades. Estamos a contemplar almas que transcendem o tempo como o conhecemos.<\/em><\/p>\n<\/div><\/div>\n\n\n\n<p><strong>Como tudo come\u00e7ou?<\/strong><br>\u00c9 uma hist\u00f3ria um pouco longa, mas acho que isso a torna ainda mais bonita. <br>H\u00e1 quase 10 anos comecei este pequeno projeto com a ideia de capturar os olhos das pessoas, dando-lhes a oportunidade de ver os seus olhos como se fosse a primeira vez que os estavam a observar. Porqu\u00ea? <br>Bem, um dia, depois da escola, quando estava sozinha em casa e incrivelmente aborrecida, lembrei-me de uma aula de biologia sobre o reflexo ocular, de como a pupila dilata e contrai em diferentes condi\u00e7\u00f5es de luz. Algo simples, mas decidi testar por mim mesma. Peguei numa lanterna e fui diretamente para o espelho da casa de banho. Basicamente, encadeei-me com a luz para ver como a minha pupila reagia.<\/p>\n\n\n\n<p>Agora vem a parte interessante: como estava apenas a poucos cent\u00edmetros do espelho, tive a oportunidade de ver os meus olhos. Realmente ver os meus olhos pela primeira vez. <br>Antes daquele pequeno momento, quando pensava nos meus olhos, tudo o que via era &#8220;castanho e aborrecido&#8221;. <br>Nada de especial. Essa ideia foi completamente dissolvida, dando lugar a algo novo. <br>Texturas. Padr\u00f5es. Linhas. Pontos. Crateras. <br><\/p>\n\n\n\n<div class=\"wp-block-media-text has-media-on-the-right is-stacked-on-mobile\"><div class=\"wp-block-media-text__content\">\n<p class=\"has-big-font-size\">O que vi no espelho fascinou-me tanto que decidi come\u00e7ar a tirar fotografias dos olhos para que as outras pessoas pudessem tamb\u00e9m ver os mist\u00e9rios e mundos escondidos que os seus olhos encerram.<\/p>\n<\/div><figure class=\"wp-block-media-text__media\"><img loading=\"lazy\" decoding=\"async\" width=\"694\" height=\"520\" src=\"https:\/\/voluntariado.omundosomosnos.org\/wp-content\/uploads\/2024\/12\/fotoolho.jpg\" alt=\"\" class=\"wp-image-709 size-full\" srcset=\"https:\/\/voluntariado.omundosomosnos.org\/wp-content\/uploads\/2024\/12\/fotoolho.jpg 694w, https:\/\/voluntariado.omundosomosnos.org\/wp-content\/uploads\/2024\/12\/fotoolho-300x225.jpg 300w\" sizes=\"auto, (max-width: 694px) 100vw, 694px\" \/><\/figure><\/div>\n\n\n\n<p>A partir da\u00ed, comecei a tirar fotos dos olhos dos meus amigos, colegas e at\u00e9 de desconhecidos que encontrava na rua. <br>Um novo mundo abriu-se, e testemunhar as rea\u00e7\u00f5es das pessoas ao verem os seus olhos desta forma pela primeira vez era algo que realmente enchia a minha alma de luz e felicidade. Era como se estivesse a dar-lhes uma nova raz\u00e3o para se amarem ainda mais.<\/p>\n\n\n\n<p>Ent\u00e3o, quando descobri que tinha de fazer um projeto para o final do meu voluntariado, tudo ganhou sentido.<\/p>\n\n\n\n<p>A exposi\u00e7\u00e3o aconteceu na aldeia do Gontinho, durante um evento natal\u00edcio: &#8220;Natal na Montanha&#8221; organizado pela Casa do Povo da Ribeira do Neiva, em Dezembro de 2024. <\/p>\n\n\n\n<p class=\"has-big-font-size\"><\/p>\n\n\n\n<div class=\"wp-block-media-text is-stacked-on-mobile\"><figure class=\"wp-block-media-text__media\"><img loading=\"lazy\" decoding=\"async\" width=\"694\" height=\"521\" src=\"https:\/\/voluntariado.omundosomosnos.org\/wp-content\/uploads\/2024\/12\/foto2-2.jpg\" alt=\"\" class=\"wp-image-708 size-full\" srcset=\"https:\/\/voluntariado.omundosomosnos.org\/wp-content\/uploads\/2024\/12\/foto2-2.jpg 694w, https:\/\/voluntariado.omundosomosnos.org\/wp-content\/uploads\/2024\/12\/foto2-2-300x225.jpg 300w\" sizes=\"auto, (max-width: 694px) 100vw, 694px\" \/><\/figure><div class=\"wp-block-media-text__content\">\n<p class=\"has-big-font-size\">Apesar de eu j\u00e1 ter realizado v\u00e1rias exposi\u00e7\u00f5es antes, esta foi uma experi\u00eancia nova, pois foi a minha primeira exposi\u00e7\u00e3o a solo e tamb\u00e9m a minha primeira exposi\u00e7\u00e3o fotogr\u00e1fica. <br><\/p>\n<\/div><\/div>\n\n\n\n<p>Sendo a minha forma\u00e7\u00e3o em arte e tecnologias (novas artes medi\u00e1ticas), adotar uma abordagem mais tradicional saiu definitivamente da minha zona de conforto.<br>No entanto, gostei do processo lento e do trabalho manual. Fazer uma pausa da tecnologia fez-me bem. Isso n\u00e3o significa que n\u00e3o houve dificuldades a superar. <br>Por exemplo, estou habituada a ter as minhas pr\u00f3prias ferramentas e, quando planeio uma instala\u00e7\u00e3o art\u00edstica, sei exatamente do que preciso para concretiz\u00e1-la. Estando aqui, longe de casa, tive de usar as ferramentas que estavam dispon\u00edveis, o que significou ajustar as minhas ideias e expectativas iniciais sobre a forma final da exposi\u00e7\u00e3o. <br>Uma coisa que me impressionou foi o sentido de comunidade e como todos (professores e pais) se uniram para me emprestar as ferramentas necess\u00e1rias.<\/p>\n\n\n\n<p class=\"has-big-font-size\">Criar arte \u00e9 um processo e um caminho, e todas as coisas maravilhosas acontecem no &#8220;intervalo&#8221; entre o ponto de partida e o ponto final. <br>\u00c9 a\u00ed que a arte ganha forma. <br>Acho que, como artista, a li\u00e7\u00e3o mais importante que se pode aprender \u00e9 aceitar que temos de nos desprender das expectativas e abra\u00e7ar o processo. <\/p>\n\n\n\n<figure class=\"wp-block-image size-full\"><img loading=\"lazy\" decoding=\"async\" width=\"934\" height=\"662\" src=\"https:\/\/voluntariado.omundosomosnos.org\/wp-content\/uploads\/2024\/12\/foto1-2.png\" alt=\"\" class=\"wp-image-710\" srcset=\"https:\/\/voluntariado.omundosomosnos.org\/wp-content\/uploads\/2024\/12\/foto1-2.png 934w, https:\/\/voluntariado.omundosomosnos.org\/wp-content\/uploads\/2024\/12\/foto1-2-300x213.png 300w, https:\/\/voluntariado.omundosomosnos.org\/wp-content\/uploads\/2024\/12\/foto1-2-768x544.png 768w\" sizes=\"auto, (max-width: 934px) 100vw, 934px\" \/><\/figure>\n\n\n\n<p><br>Permitir-nos ser surpreendidos. <br>Permitir-nos observar onde a jornada nos leva. <br>Por vezes, pode ir numa dire\u00e7\u00e3o totalmente inesperada e diferente do que imagin\u00e1mos no in\u00edcio. <br>Outras vezes, pode chegar muito perto daquilo que t\u00ednhamos em mente. <br>Mas, no final, acho que toma a forma que deveria ter.<br><br>Diana Chiru, Dezembro 2024<br>Site pessoal: <a href=\"https:\/\/chirud.art\">https:\/\/chirud.art<\/a><\/p>\n\n\n\n<p><\/p>\n","protected":false},"excerpt":{"rendered":"<p>Exposi\u00e7\u00e3o Almas Intemporais O meu projeto pessoal consistiu numa exposi\u00e7\u00e3o de fotos macro de olhos de crian\u00e7as do &#8220;O Mundo Somos N\u00f3s&#8221; e de idosos da Casa do Povo de Ribeira de Neiva. O objetivo era salientar que, ao olharmos apenas para os olhos, conseguimos realmente ver a alma das pessoas. N\u00e3o a idade, n\u00e3o&#8230;<\/p>\n","protected":false},"author":1,"featured_media":708,"comment_status":"open","ping_status":"open","sticky":false,"template":"","format":"standard","meta":{"footnotes":""},"categories":[21,25,23,28],"tags":[],"class_list":["post-668","post","type-post","status-publish","format-standard","has-post-thumbnail","hentry","category-corpo-europeu-de-solidariedade","category-exposicao","category-projeto-pessoal","category-voluntariado-internacional"],"_links":{"self":[{"href":"https:\/\/voluntariado.omundosomosnos.org\/index.php?rest_route=\/wp\/v2\/posts\/668","targetHints":{"allow":["GET"]}}],"collection":[{"href":"https:\/\/voluntariado.omundosomosnos.org\/index.php?rest_route=\/wp\/v2\/posts"}],"about":[{"href":"https:\/\/voluntariado.omundosomosnos.org\/index.php?rest_route=\/wp\/v2\/types\/post"}],"author":[{"embeddable":true,"href":"https:\/\/voluntariado.omundosomosnos.org\/index.php?rest_route=\/wp\/v2\/users\/1"}],"replies":[{"embeddable":true,"href":"https:\/\/voluntariado.omundosomosnos.org\/index.php?rest_route=%2Fwp%2Fv2%2Fcomments&post=668"}],"version-history":[{"count":7,"href":"https:\/\/voluntariado.omundosomosnos.org\/index.php?rest_route=\/wp\/v2\/posts\/668\/revisions"}],"predecessor-version":[{"id":737,"href":"https:\/\/voluntariado.omundosomosnos.org\/index.php?rest_route=\/wp\/v2\/posts\/668\/revisions\/737"}],"wp:featuredmedia":[{"embeddable":true,"href":"https:\/\/voluntariado.omundosomosnos.org\/index.php?rest_route=\/wp\/v2\/media\/708"}],"wp:attachment":[{"href":"https:\/\/voluntariado.omundosomosnos.org\/index.php?rest_route=%2Fwp%2Fv2%2Fmedia&parent=668"}],"wp:term":[{"taxonomy":"category","embeddable":true,"href":"https:\/\/voluntariado.omundosomosnos.org\/index.php?rest_route=%2Fwp%2Fv2%2Fcategories&post=668"},{"taxonomy":"post_tag","embeddable":true,"href":"https:\/\/voluntariado.omundosomosnos.org\/index.php?rest_route=%2Fwp%2Fv2%2Ftags&post=668"}],"curies":[{"name":"wp","href":"https:\/\/api.w.org\/{rel}","templated":true}]}}