{"id":771,"date":"2024-12-21T12:01:17","date_gmt":"2024-12-21T12:01:17","guid":{"rendered":"https:\/\/voluntariado.omundosomosnos.org\/?p=771"},"modified":"2024-12-21T12:05:12","modified_gmt":"2024-12-21T12:05:12","slug":"partilha-de-voluntariado-internacional-no-omsn","status":"publish","type":"post","link":"https:\/\/voluntariado.omundosomosnos.org\/?p=771","title":{"rendered":"Partilha de Voluntariado Internacional no OMSN"},"content":{"rendered":"\n<p><\/p>\n\n\n\n<h2 class=\"wp-block-heading has-black-color has-text-color has-link-color has-xx-large-font-size wp-elements-f95891aae732826e6b6a414be8975908\">Partilha de Voluntariado Internacional no OMSN<\/h2>\n\n\n\n<p><\/p>\n\n\n\n<p>Com o final dos primeiros projetos de voluntariado de longo-termo no OMSN foi tempo de mostrar alguns resultados e inspirar outros jovens a abra\u00e7arem uma experi\u00eancia de voluntariado internacional.<\/p>\n\n\n\n<div class=\"wp-block-media-text is-stacked-on-mobile\" style=\"grid-template-columns:45% auto\"><figure class=\"wp-block-media-text__media\"><img loading=\"lazy\" decoding=\"async\" width=\"1024\" height=\"768\" src=\"https:\/\/voluntariado.omundosomosnos.org\/wp-content\/uploads\/2024\/12\/WhatsApp-Image-2024-11-25-at-15.21.52-1024x768.jpeg\" alt=\"\" class=\"wp-image-772 size-full\" srcset=\"https:\/\/voluntariado.omundosomosnos.org\/wp-content\/uploads\/2024\/12\/WhatsApp-Image-2024-11-25-at-15.21.52-1024x768.jpeg 1024w, https:\/\/voluntariado.omundosomosnos.org\/wp-content\/uploads\/2024\/12\/WhatsApp-Image-2024-11-25-at-15.21.52-300x225.jpeg 300w, https:\/\/voluntariado.omundosomosnos.org\/wp-content\/uploads\/2024\/12\/WhatsApp-Image-2024-11-25-at-15.21.52-768x576.jpeg 768w, https:\/\/voluntariado.omundosomosnos.org\/wp-content\/uploads\/2024\/12\/WhatsApp-Image-2024-11-25-at-15.21.52-1536x1152.jpeg 1536w, https:\/\/voluntariado.omundosomosnos.org\/wp-content\/uploads\/2024\/12\/WhatsApp-Image-2024-11-25-at-15.21.52.jpeg 1600w\" sizes=\"auto, (max-width: 1024px) 100vw, 1024px\" \/><\/figure><div class=\"wp-block-media-text__content\">\n<p class=\"has-medium-font-size\">A Diana e a Luna est\u00e3o de parab\u00e9ns pelas suas apresenta\u00e7\u00f5es em portugu\u00eas na escola profissional \u00c1rvore para cerca de 50 jovens sobre o seu projeto de voluntariado no OMSN! A Kiki tamb\u00e9m partilhou a sua experi\u00eancia como volunt\u00e1ria internacional no OMSN nos \u00faltimos meses na Escola Profissional Amar Terra Verde para cerca de 400 jovens, mostrando o qu\u00e3o enriquecedor pode ser realizar um voluntariado internacional.<br><\/p>\n<\/div><\/div>\n\n\n\n<p>O n\u00edvel de portugu\u00eas das tr\u00eas volunt\u00e1rias foi elogiado e uma inspira\u00e7\u00e3o para jovens que t\u00eam receio de ir para um pa\u00eds cuja l\u00edngua n\u00e3o dominam.<br>Pelo feedback recebido e perguntas que surgiram, ser\u00e3o v\u00e1rios os jovens que ficaram com a sementinha de participar no Corpo Europeu de Solidariedade.<br>O impacto destas apresenta\u00e7\u00f5es foi significativo, demonstrando que o voluntariado internacional n\u00e3o s\u00f3 enriquece quem o vive, mas tamb\u00e9m inspira quem o ouve.<\/p>\n\n\n\n<p class=\"has-big-font-size\"><br>Um enorme obrigado \u00e0s nossas volunt\u00e1rias, \u00e0s escolas que acolherem esta iniciativa e por ajudarem a plantar sementes de mudan\u00e7a no cora\u00e7\u00e3o de tantos jovens!<\/p>\n\n\n\n<p><\/p>\n","protected":false},"excerpt":{"rendered":"<p>Partilha de Voluntariado Internacional no OMSN Com o final dos primeiros projetos de voluntariado de longo-termo no OMSN foi tempo de mostrar alguns resultados e inspirar outros jovens a abra\u00e7arem uma experi\u00eancia de voluntariado internacional. A Diana e a Luna est\u00e3o de parab\u00e9ns pelas suas apresenta\u00e7\u00f5es em portugu\u00eas na escola profissional \u00c1rvore para cerca de&#8230;<\/p>\n","protected":false},"author":1,"featured_media":444,"comment_status":"open","ping_status":"open","sticky":false,"template":"","format":"standard","meta":{"footnotes":""},"categories":[21,28],"tags":[],"class_list":["post-771","post","type-post","status-publish","format-standard","has-post-thumbnail","hentry","category-corpo-europeu-de-solidariedade","category-voluntariado-internacional"],"_links":{"self":[{"href":"https:\/\/voluntariado.omundosomosnos.org\/index.php?rest_route=\/wp\/v2\/posts\/771","targetHints":{"allow":["GET"]}}],"collection":[{"href":"https:\/\/voluntariado.omundosomosnos.org\/index.php?rest_route=\/wp\/v2\/posts"}],"about":[{"href":"https:\/\/voluntariado.omundosomosnos.org\/index.php?rest_route=\/wp\/v2\/types\/post"}],"author":[{"embeddable":true,"href":"https:\/\/voluntariado.omundosomosnos.org\/index.php?rest_route=\/wp\/v2\/users\/1"}],"replies":[{"embeddable":true,"href":"https:\/\/voluntariado.omundosomosnos.org\/index.php?rest_route=%2Fwp%2Fv2%2Fcomments&post=771"}],"version-history":[{"count":5,"href":"https:\/\/voluntariado.omundosomosnos.org\/index.php?rest_route=\/wp\/v2\/posts\/771\/revisions"}],"predecessor-version":[{"id":779,"href":"https:\/\/voluntariado.omundosomosnos.org\/index.php?rest_route=\/wp\/v2\/posts\/771\/revisions\/779"}],"wp:featuredmedia":[{"embeddable":true,"href":"https:\/\/voluntariado.omundosomosnos.org\/index.php?rest_route=\/wp\/v2\/media\/444"}],"wp:attachment":[{"href":"https:\/\/voluntariado.omundosomosnos.org\/index.php?rest_route=%2Fwp%2Fv2%2Fmedia&parent=771"}],"wp:term":[{"taxonomy":"category","embeddable":true,"href":"https:\/\/voluntariado.omundosomosnos.org\/index.php?rest_route=%2Fwp%2Fv2%2Fcategories&post=771"},{"taxonomy":"post_tag","embeddable":true,"href":"https:\/\/voluntariado.omundosomosnos.org\/index.php?rest_route=%2Fwp%2Fv2%2Ftags&post=771"}],"curies":[{"name":"wp","href":"https:\/\/api.w.org\/{rel}","templated":true}]}}